{"id":1524,"date":"2016-12-27T22:51:38","date_gmt":"2016-12-27T22:51:38","guid":{"rendered":"https:\/\/ingegraf.es\/?p=1524"},"modified":"2025-12-09T11:19:55","modified_gmt":"2025-12-09T11:19:55","slug":"xxvii-congreso-internacional-de-ingenieria-grafica","status":"publish","type":"post","link":"https:\/\/ingegraf.es\/?p=1524","title":{"rendered":"XXVII Congreso Internacional de Ingenier\u00eda Gr\u00e1fica"},"content":{"rendered":"<p class=\"p1\">Este a\u00f1o la Universidad de Oviedo, en su campus de Gij\u00f3n, tiene el orgullo de albergar el XXVII Congreso Internacional de Ingenier\u00eda Gr\u00e1fica, que se celebrar\u00e1 los d\u00edas <b>26 y 27 de junio de 2017<\/b>.<\/p>\n<p><span style=\"color: #3366ff;\"><strong><a style=\"color: #3366ff;\" href=\"http:\/\/27congreso.ingegraf.es\">http:\/\/27congreso.ingegraf.es<\/a><\/strong><\/span><\/p>\n<p><span class=\"s1\">El Congreso bajo el lema \u201c<b>Nuevos Modelos de Investigaci\u00f3n y Colaboraci\u00f3n en Ingenier\u00eda Gr\u00e1fica<\/b>\u201d, pretende ser un foro de profesores, investigadores y expertos en Ingenier\u00eda Gr\u00e1fica donde se compartan experiencias, habilidades o ideas y se pueda llevar a cabo un intercambio cient\u00edfico, compartir los resultados de los proyectos de investigaci\u00f3n, facilitar nuevas conexiones de trabajo en equipo y ayudar a la difusi\u00f3n de la investigaci\u00f3n realizada por los diferentes equipos de investigaci\u00f3n.<\/span><\/p>\n<p><span class=\"s1\">El Comit\u00e9 organizador, del \u00e1rea de Expresi\u00f3n Gr\u00e1fica en la Ingenier\u00eda de la Universidad de Oviedo, consciente del reto que supone la organizaci\u00f3n de un Congreso de estas caracter\u00edsticas, invita al colectivo de los profesores y profesionales a participar en \u00e9l, con la ilusi\u00f3n de que sea un foro id\u00f3neo para la comunicaci\u00f3n, el debate y la colaboraci\u00f3n.<\/span><span class=\"s1\">\u00a0<\/span><span class=\"s1\">\u00a0<\/span><\/p>\n<p class=\"p1\"><strong><span class=\"s1\">Proceso de participaci\u00f3n<\/span><\/strong><\/p>\n<p class=\"p2\"><span class=\"s1\">El proceso de participaci\u00f3n se detalla a continuaci\u00f3n:<\/span><\/p>\n<p class=\"p7\"><strong><span class=\"s1\">1. Env\u00edo de res\u00famenes<\/span><\/strong><\/p>\n<ul class=\"ul1\">\n<li class=\"li8\"><span class=\"s1\">El resumen deber\u00e1 tener el formato facilitado por la organizaci\u00f3n.<\/span><\/li>\n<li class=\"li8\"><span class=\"s1\">Extensi\u00f3n m\u00e1xima 200 palabras.<\/span><\/li>\n<li class=\"li8\"><span class=\"s1\">Fecha l\u00edmite de env\u00edo: <strong>20 de febrero de 2017.<\/strong><\/span><\/li>\n<li class=\"li8\"><span class=\"s1\">Env\u00edo v\u00eda correo electr\u00f3nico a Ingegraf: <strong><a href=\"mailto:27congreso@ingegraf.es\">27congreso@ingegraf.es<\/a><\/strong><\/span><\/li>\n<li class=\"li8\"><span class=\"s1\">Fecha l\u00edmite para la comunicaci\u00f3n de aceptaci\u00f3n de trabajos 20 de marzo de 2017.<\/span><\/li>\n<li class=\"li8\"><span class=\"s1\">Idioma espa\u00f1ol o ingl\u00e9s.<\/span><\/li>\n<li class=\"li8\"><span class=\"s1\">Para descargar la plantilla RESUMEN clica <a href=\"http:\/\/27congreso.ingegraf.es\/Documentos\/Plantilla_RESUMEN_CongresoIngegraf_2017.doc\"><span class=\"s2\"><b>aqu\u00ed<\/b><\/span><\/a><\/span><\/li>\n<\/ul>\n<p class=\"p7\"><strong><span class=\"s1\">2. Env\u00edo de trabajos completos para su publicaci\u00f3n<\/span><\/strong><\/p>\n<ul class=\"ul1\">\n<li class=\"li8\"><span class=\"s1\">Extensi\u00f3n m\u00e1xima 4 p\u00e1ginas.<\/span><\/li>\n<li class=\"li8\"><span class=\"s1\">Fecha l\u00edmite de env\u00edo: <strong>20 de abril de 2017.<\/strong><\/span><\/li>\n<li class=\"li8\"><span class=\"s1\">Env\u00edo v\u00eda correo electr\u00f3nico a Ingegraf: <strong><a href=\"mailto:27congreso@ingegraf.es\">27congreso@ingegraf.es<\/a><\/strong><\/span><\/li>\n<li class=\"li8\"><span class=\"s1\">Idioma espa\u00f1ol o ingl\u00e9s.<\/span><\/li>\n<li class=\"li8\"><span class=\"s1\">Para descargar la plantilla TRABAJO COMPLETO clica <a href=\"http:\/\/27congreso.ingegraf.es\/Documentos\/Plantilla_PUBLICACION_CongresoIngegraf_2017.doc\"><span class=\"s2\"><b>aqu\u00ed<\/b><\/span><\/a><\/span><\/li>\n<\/ul>\n<p class=\"p7\"><strong><span class=\"s1\">3. Participaci\u00f3n en el Congreso<\/span><\/strong><\/p>\n<ul class=\"ul1\">\n<li class=\"li8\"><span class=\"s1\">Los trabajos aceptados se presentar\u00e1n \u00fanica y exclusivamente mediante p\u00f3ster durante el Congreso.<\/span><\/li>\n<li class=\"li8\"><span class=\"s1\">El p\u00f3ster deber\u00e1 tener el formato facilitado por la organizaci\u00f3n.<\/span><\/li>\n<li class=\"li8\"><span class=\"s1\">Idioma espa\u00f1ol o ingl\u00e9s.<\/span><\/li>\n<li class=\"li8\"><span class=\"s1\">Para descargar la plantilla P\u00d3STER clica <span class=\"s2\"><b><a href=\"http:\/\/27congreso.ingegraf.es\/Documentos\/Plantilla_POSTER_CongresoIngegraf_2017.ppt\">aqu\u00ed<\/a><\/b><\/span><\/span><\/li>\n<\/ul>\n<p class=\"p10\"><span class=\"s1\"><b>Contacto<\/b><\/span><\/p>\n<p class=\"p11\"><strong><span class=\"s1\">Organizaci\u00f3n<\/span><\/strong><\/p>\n<p class=\"p12\"><span class=\"s1\">\u00c1rea de Expresi\u00f3n Gr\u00e1fica en la Ingenier\u00eda<\/span><\/p>\n<p class=\"p12\"><span class=\"s1\">Departamento de Construcci\u00f3n e Ingenier\u00eda de Fabricaci\u00f3n<\/span><\/p>\n<p class=\"p13\"><span class=\"s4\"><strong>Email: <\/strong><span style=\"color: #3366ff;\"><a style=\"color: #3366ff;\" href=\"mailto:27congreso@ingegraf.es\"><span class=\"s5\">27congreso@ingegraf.es<\/span><\/a><\/span><\/span><\/p>\n<p class=\"p12\"><span class=\"s1\"><strong>Ubicaci\u00f3n: <\/strong>Escuela Polit\u00e9cnica de Ingenier\u00eda de Gij\u00f3n, Campus de Viesques, 33203 Gij\u00f3n (Asturias)<\/span><\/p>\n","protected":false},"excerpt":{"rendered":"<p>Este a\u00f1o la Universidad de Oviedo, en su campus de Gij\u00f3n, tiene el orgullo de albergar el XXVII Congreso Internacional de Ingenier\u00eda Gr\u00e1fica, que se celebrar\u00e1 los d\u00edas 26 y 27 de junio de 2017. http:\/\/27congreso.ingegraf.es El Congreso bajo el lema \u201cNuevos Modelos de Investigaci\u00f3n y Colaboraci\u00f3n en Ingenier\u00eda Gr\u00e1fica\u201d, pretende ser un foro de &hellip; <a href=\"https:\/\/ingegraf.es\/?p=1524\" class=\"more-link\">Seguir leyendo <span class=\"screen-reader-text\">XXVII Congreso Internacional de Ingenier\u00eda Gr\u00e1fica<\/span> <span class=\"meta-nav\">&rarr;<\/span><\/a><\/p>\n","protected":false},"author":1,"featured_media":1527,"comment_status":"closed","ping_status":"open","sticky":false,"template":"","format":"standard","meta":{"footnotes":""},"categories":[4,5,1],"tags":[],"class_list":["post-1524","post","type-post","status-publish","format-standard","has-post-thumbnail","hentry","category-noticia","category-publicacion","category-uncategorized"],"_links":{"self":[{"href":"https:\/\/ingegraf.es\/index.php?rest_route=\/wp\/v2\/posts\/1524","targetHints":{"allow":["GET"]}}],"collection":[{"href":"https:\/\/ingegraf.es\/index.php?rest_route=\/wp\/v2\/posts"}],"about":[{"href":"https:\/\/ingegraf.es\/index.php?rest_route=\/wp\/v2\/types\/post"}],"author":[{"embeddable":true,"href":"https:\/\/ingegraf.es\/index.php?rest_route=\/wp\/v2\/users\/1"}],"replies":[{"embeddable":true,"href":"https:\/\/ingegraf.es\/index.php?rest_route=%2Fwp%2Fv2%2Fcomments&post=1524"}],"version-history":[{"count":9,"href":"https:\/\/ingegraf.es\/index.php?rest_route=\/wp\/v2\/posts\/1524\/revisions"}],"predecessor-version":[{"id":1535,"href":"https:\/\/ingegraf.es\/index.php?rest_route=\/wp\/v2\/posts\/1524\/revisions\/1535"}],"wp:featuredmedia":[{"embeddable":true,"href":"https:\/\/ingegraf.es\/index.php?rest_route=\/wp\/v2\/media\/1527"}],"wp:attachment":[{"href":"https:\/\/ingegraf.es\/index.php?rest_route=%2Fwp%2Fv2%2Fmedia&parent=1524"}],"wp:term":[{"taxonomy":"category","embeddable":true,"href":"https:\/\/ingegraf.es\/index.php?rest_route=%2Fwp%2Fv2%2Fcategories&post=1524"},{"taxonomy":"post_tag","embeddable":true,"href":"https:\/\/ingegraf.es\/index.php?rest_route=%2Fwp%2Fv2%2Ftags&post=1524"}],"curies":[{"name":"wp","href":"https:\/\/api.w.org\/{rel}","templated":true}]}}